{"id":7307,"date":"2007-05-31T10:22:34","date_gmt":"2007-05-31T08:22:34","guid":{"rendered":"http:\/\/dev.zaklada-ana-rukavina.hr\/dodjela-nagrada-grada-zagreba\/"},"modified":"2017-11-22T10:06:38","modified_gmt":"2017-11-22T09:06:38","slug":"zagreb-city-award-ceremony","status":"publish","type":"post","link":"https:\/\/zaklada-ana-rukavina.hr\/en\/zagreb-city-award-ceremony\/","title":{"rendered":"Zagreb City Award ceremony"},"content":{"rendered":"<p>On occasion of Zagreb Days, ceremonial session of City Assembly and City Administration, as well as Zagreb City Award ceremony were held in the Old Council House.<\/p>\n<p>This is how Javno.hr portal reports from the ceremonial session and Zagreb City Award Ceremony:<\/p>\n<p>The ceremonial session was opened by Assembly president Tatjana Holjevac who thanked all foreign country delegates, members of the Government, Croatian Parliament, City and many others who have responded to the invitation. The President had a speech pointing out the historical value and significance of the city.<\/p>\n<p>&#8211; Zagreb hasn&#8217;t been merely an administrative center since 1776, when Croatian government moved to our town; it is a metropolis with its intellectual, cultural, educational, scientific, sport and other potentials &#8211; said Holjevac.<\/p>\n<p>Love for the town core The mayor Milan Bandi\u0107 pointed out some significant steps taken by him and his employees during his mandate \u2013 in particular Homeland and Jarun bridges, Zagreb holding, expansion of Ljubljana Avenue, children daycare centers, garages, Down- town solution and many other projects that have been realized or are planned for realization.<\/p>\n<p>Down- town renewal requires immense financial means; without private capital through partnership with the Town, it won\u2019t be feasible. No one can like the Lower Town Core as this proven mayor \u2013 said Bandi\u0107 in his speech.<\/p>\n<p>Brussells City Parliament president Eric Tomas and Sarajevo mayor Semiha Borovac held their speeches on the award ceremony.<\/p>\n<p><strong>Zagreb City Awards<\/strong>\u00a0Zagreb City Awards for special achievements were given to HEP \u2013 Distribution system operator Ltd., Zagreb City libraries and Tehnika Ltd., theatrologist Nikola Batu\u0161i\u0107, posthumously\u00a0<strong>journalist Ana Rukavina Erceg<\/strong>, architect Grozdan Kne\u017eevi\u0107, Mira Bo\u017ei\u0107, head of children day-care center \u201cIvana Brli\u0107-Ma\u017eurani\u0107\u201d, Petar \u0110ukan, head of the Construction Institute of Croatia, scientists Gabrijela Kobrehel and Gorjana Lazarevski pf PLIVA Research Institute, opera singer Ljiljana Molnar Talaji\u0107, film theoretician and director Ante Peterli\u0107, cultural and public activist Vladimir Pezo, historian Ivo Peri\u0107, musician Miljenko Prohaska, sportsman Zlatko \u0160imenc, art historian Igor Zidi\u0107.<\/p>\n<p>Academician Nikola Batu\u0161i\u0107 thanked on behalf of all laureates; Zagreb Quartet summed up the whole manifestation with String Quartet no. 1 by Franjo Kre\u017ema.<\/p>\n<p>We cordially thank all laureates and thank our town Zagreb and its citizens for their trust.<\/p>\n","protected":false},"excerpt":{"rendered":"<p>On occasion of Zagreb Days, ceremonial session of City Assembly and City Administration, as well as Zagreb City Award ceremony were held in the Old Council House.<\/p>\n","protected":false},"author":2,"featured_media":0,"comment_status":"closed","ping_status":"closed","sticky":false,"template":"","format":"standard","meta":{"footnotes":""},"categories":[12],"tags":[],"class_list":["post-7307","post","type-post","status-publish","format-standard","hentry","category-news"],"_links":{"self":[{"href":"https:\/\/zaklada-ana-rukavina.hr\/en\/wp-json\/wp\/v2\/posts\/7307","targetHints":{"allow":["GET"]}}],"collection":[{"href":"https:\/\/zaklada-ana-rukavina.hr\/en\/wp-json\/wp\/v2\/posts"}],"about":[{"href":"https:\/\/zaklada-ana-rukavina.hr\/en\/wp-json\/wp\/v2\/types\/post"}],"author":[{"embeddable":true,"href":"https:\/\/zaklada-ana-rukavina.hr\/en\/wp-json\/wp\/v2\/users\/2"}],"replies":[{"embeddable":true,"href":"https:\/\/zaklada-ana-rukavina.hr\/en\/wp-json\/wp\/v2\/comments?post=7307"}],"version-history":[{"count":1,"href":"https:\/\/zaklada-ana-rukavina.hr\/en\/wp-json\/wp\/v2\/posts\/7307\/revisions"}],"predecessor-version":[{"id":7308,"href":"https:\/\/zaklada-ana-rukavina.hr\/en\/wp-json\/wp\/v2\/posts\/7307\/revisions\/7308"}],"wp:attachment":[{"href":"https:\/\/zaklada-ana-rukavina.hr\/en\/wp-json\/wp\/v2\/media?parent=7307"}],"wp:term":[{"taxonomy":"category","embeddable":true,"href":"https:\/\/zaklada-ana-rukavina.hr\/en\/wp-json\/wp\/v2\/categories?post=7307"},{"taxonomy":"post_tag","embeddable":true,"href":"https:\/\/zaklada-ana-rukavina.hr\/en\/wp-json\/wp\/v2\/tags?post=7307"}],"curies":[{"name":"wp","href":"https:\/\/api.w.org\/{rel}","templated":true}]}}